{"id":1969,"date":"2026-03-14T09:00:13","date_gmt":"2026-03-14T08:00:13","guid":{"rendered":"https:\/\/www.villaacquaderni.it\/?p=1969"},"modified":"2026-04-27T16:18:49","modified_gmt":"2026-04-27T14:18:49","slug":"primavera-2026-la-stagione-perfetta-per-sposarsi-in-villa","status":"publish","type":"post","link":"https:\/\/www.villaacquaderni.it\/en\/primavera-2026-la-stagione-perfetta-per-sposarsi-in-villa\/","title":{"rendered":"Primavera 2026: la stagione perfetta per sposarsi in villa"},"content":{"rendered":"\t\t<div data-elementor-type=\"wp-post\" data-elementor-id=\"1969\" class=\"elementor elementor-1969\" data-elementor-post-type=\"post\">\n\t\t\t\t<div class=\"elementor-element elementor-element-1e13bdf e-flex e-con-boxed e-con e-parent\" data-id=\"1e13bdf\" data-element_type=\"container\">\n\t\t\t\t\t<div class=\"e-con-inner\">\n\t\t\t\t<div class=\"elementor-element elementor-element-f41f579 elementor-widget elementor-widget-text-editor\" data-id=\"f41f579\" data-element_type=\"widget\" data-widget_type=\"text-editor.default\">\n\t\t\t\t<div class=\"elementor-widget-container\">\n\t\t\t\t\t\t\t\t\t<p><\/p><p>La primavera \u00e8 da sempre una delle stagioni pi\u00f9 amate per celebrare un matrimonio, ma nel 2026 questa scelta assume un significato ancora pi\u00f9 profondo. Sempre pi\u00f9 coppie cercano un\u2019esperienza autentica, immersiva e naturale, capace di unire eleganza e spontaneit\u00e0.<\/p><p> <\/p><p>In questo scenario,\u00a0<strong>Villa Acquaderni\u00a0rappresenta una cornice ideale<\/strong>: i giardini in fiore, la luce morbida delle giornate primaverili e la possibilit\u00e0 di vivere spazi interni ed esterni in modo fluido creano un equilibrio perfetto tra natura e raffinatezza.<\/p>\t\t\t\t\t\t\t\t<\/div>\n\t\t\t\t<\/div>\n\t\t\t\t\t<\/div>\n\t\t\t\t<\/div>\n\t\t<div class=\"elementor-element elementor-element-49307ab e-flex e-con-boxed e-con e-parent\" data-id=\"49307ab\" data-element_type=\"container\">\n\t\t\t\t\t<div class=\"e-con-inner\">\n\t\t\t\t<div class=\"elementor-element elementor-element-aa86937 elementor-widget elementor-widget-text-editor\" data-id=\"aa86937\" data-element_type=\"widget\" data-widget_type=\"text-editor.default\">\n\t\t\t\t<div class=\"elementor-widget-container\">\n\t\t\t\t\t\t\t\t\t<h3 class=\"wp-block-heading\">I trend matrimonio primavera 2026<\/h3><p> <\/p><p>Nel 2026 emergono alcune tendenze molto chiare:<\/p><p> <\/p><p><strong>1. Matrimoni immersivi nella natura<\/strong><br \/>Gli sposi scelgono sempre pi\u00f9 location che permettano una connessione diretta con il paesaggio. Cerimonie all\u2019aperto, aperitivi in giardino e ricevimenti sotto le stelle diventano protagonisti.<\/p><p><\/p>\t\t\t\t\t\t\t\t<\/div>\n\t\t\t\t<\/div>\n\t\t\t\t<div class=\"elementor-element elementor-element-6ad9d40 elementor-widget elementor-widget-image\" data-id=\"6ad9d40\" data-element_type=\"widget\" data-widget_type=\"image.default\">\n\t\t\t\t<div class=\"elementor-widget-container\">\n\t\t\t\t\t\t\t\t\t\t\t\t\t\t\t<img fetchpriority=\"high\" decoding=\"async\" width=\"540\" height=\"540\" src=\"https:\/\/www.villaacquaderni.it\/wp-content\/uploads\/2023\/05\/72.jpg\" class=\"attachment-large size-large wp-image-1477\" alt=\"Wedding open day a Villa Acquaderni matrimonio con rito civile\" srcset=\"https:\/\/www.villaacquaderni.it\/wp-content\/uploads\/2023\/05\/72.jpg 540w, https:\/\/www.villaacquaderni.it\/wp-content\/uploads\/2023\/05\/72-300x300.jpg 300w, https:\/\/www.villaacquaderni.it\/wp-content\/uploads\/2023\/05\/72-150x150.jpg 150w\" sizes=\"(max-width: 540px) 100vw, 540px\" \/>\t\t\t\t\t\t\t\t\t\t\t\t\t\t\t<\/div>\n\t\t\t\t<\/div>\n\t\t\t\t\t<\/div>\n\t\t\t\t<\/div>\n\t\t<div class=\"elementor-element elementor-element-58ee3fe e-flex e-con-boxed e-con e-parent\" data-id=\"58ee3fe\" data-element_type=\"container\">\n\t\t\t\t\t<div class=\"e-con-inner\">\n\t\t\t\t<div class=\"elementor-element elementor-element-456a90b elementor-widget elementor-widget-text-editor\" data-id=\"456a90b\" data-element_type=\"widget\" data-widget_type=\"text-editor.default\">\n\t\t\t\t<div class=\"elementor-widget-container\">\n\t\t\t\t\t\t\t\t\t<p><strong>2. Palette naturali e sofisticate<\/strong><br \/>Colori come verde salvia, avorio, sabbia e tonalit\u00e0 pastello dominano gli allestimenti, creando atmosfere eleganti ma mai eccessive.<\/p>\t\t\t\t\t\t\t\t<\/div>\n\t\t\t\t<\/div>\n\t\t\t\t<div class=\"elementor-element elementor-element-7c49609 elementor-widget elementor-widget-image\" data-id=\"7c49609\" data-element_type=\"widget\" data-widget_type=\"image.default\">\n\t\t\t\t<div class=\"elementor-widget-container\">\n\t\t\t\t\t\t\t\t\t\t\t\t\t\t\t<img decoding=\"async\" width=\"800\" height=\"450\" src=\"https:\/\/www.villaacquaderni.it\/wp-content\/uploads\/2023\/06\/11-1024x576.jpg\" class=\"attachment-large size-large wp-image-1538\" alt=\"Wedding Mood Board Villa Acquaderni\" srcset=\"https:\/\/www.villaacquaderni.it\/wp-content\/uploads\/2023\/06\/11-1024x576.jpg 1024w, https:\/\/www.villaacquaderni.it\/wp-content\/uploads\/2023\/06\/11-300x169.jpg 300w, https:\/\/www.villaacquaderni.it\/wp-content\/uploads\/2023\/06\/11-768x432.jpg 768w, https:\/\/www.villaacquaderni.it\/wp-content\/uploads\/2023\/06\/11.jpg 1920w\" sizes=\"(max-width: 800px) 100vw, 800px\" \/>\t\t\t\t\t\t\t\t\t\t\t\t\t\t\t<\/div>\n\t\t\t\t<\/div>\n\t\t\t\t\t<\/div>\n\t\t\t\t<\/div>\n\t\t<div class=\"elementor-element elementor-element-aca0ec5 e-flex e-con-boxed e-con e-parent\" data-id=\"aca0ec5\" data-element_type=\"container\">\n\t\t\t\t\t<div class=\"e-con-inner\">\n\t\t\t\t<div class=\"elementor-element elementor-element-d461694 elementor-widget elementor-widget-text-editor\" data-id=\"d461694\" data-element_type=\"widget\" data-widget_type=\"text-editor.default\">\n\t\t\t\t<div class=\"elementor-widget-container\">\n\t\t\t\t\t\t\t\t\t<p><strong>3. Esperienze lente e autentiche<\/strong><br \/>Il matrimonio non \u00e8 pi\u00f9 solo un evento, ma un\u2019esperienza da vivere: momenti dilatati, attenzione agli ospiti e spazi che invitano alla condivisione.<\/p>\t\t\t\t\t\t\t\t<\/div>\n\t\t\t\t<\/div>\n\t\t\t\t<div class=\"elementor-element elementor-element-e545456 elementor-widget elementor-widget-image\" data-id=\"e545456\" data-element_type=\"widget\" data-widget_type=\"image.default\">\n\t\t\t\t<div class=\"elementor-widget-container\">\n\t\t\t\t\t\t\t\t\t\t\t\t\t\t\t<img decoding=\"async\" width=\"682\" height=\"1024\" src=\"https:\/\/www.villaacquaderni.it\/wp-content\/uploads\/2024\/10\/AL_041-682x1024.jpg\" class=\"attachment-large size-large wp-image-1840\" alt=\"\" srcset=\"https:\/\/www.villaacquaderni.it\/wp-content\/uploads\/2024\/10\/AL_041-682x1024.jpg 682w, https:\/\/www.villaacquaderni.it\/wp-content\/uploads\/2024\/10\/AL_041-200x300.jpg 200w, https:\/\/www.villaacquaderni.it\/wp-content\/uploads\/2024\/10\/AL_041-768x1152.jpg 768w, https:\/\/www.villaacquaderni.it\/wp-content\/uploads\/2024\/10\/AL_041.jpg 1333w\" sizes=\"(max-width: 682px) 100vw, 682px\" \/>\t\t\t\t\t\t\t\t\t\t\t\t\t\t\t<\/div>\n\t\t\t\t<\/div>\n\t\t\t\t\t<\/div>\n\t\t\t\t<\/div>\n\t\t\t\t<\/div>\n\t\t","protected":false},"excerpt":{"rendered":"<p>La primavera \u00e8 da sempre una delle stagioni pi\u00f9 amate per celebrare un matrimonio, ma nel 2026 questa scelta assume un significato ancora pi\u00f9 profondo. Sempre pi\u00f9 coppie cercano un\u2019esperienza autentica, immersiva e naturale, capace di unire eleganza e spontaneit\u00e0. In questo scenario,\u00a0Villa Acquaderni\u00a0rappresenta una cornice ideale: i giardini in fiore, la luce morbida delle [&hellip;]<\/p>\n","protected":false},"author":6,"featured_media":1975,"comment_status":"open","ping_status":"open","sticky":false,"template":"","format":"standard","meta":{"_acf_changed":false,"_seopress_robots_primary_cat":"none","_seopress_titles_title":"Primavera 2026: perch\u00e9 scegliere una villa per il tuo matrimonio","_seopress_titles_desc":"Villa Acquaderni rappresenta una cornice ideale: i giardini in fiore, la luce morbida delle giornate primaverili e la possibilit\u00e0 di vivere spazi interni ed esterni in modo fluido creano un equilibrio perfetto tra natura e raffinatezza.","_seopress_robots_index":"","footnotes":""},"categories":[1],"tags":[],"class_list":["post-1969","post","type-post","status-publish","format-standard","has-post-thumbnail","hentry","category-novita"],"acf":[],"_links":{"self":[{"href":"https:\/\/www.villaacquaderni.it\/en\/wp-json\/wp\/v2\/posts\/1969","targetHints":{"allow":["GET"]}}],"collection":[{"href":"https:\/\/www.villaacquaderni.it\/en\/wp-json\/wp\/v2\/posts"}],"about":[{"href":"https:\/\/www.villaacquaderni.it\/en\/wp-json\/wp\/v2\/types\/post"}],"author":[{"embeddable":true,"href":"https:\/\/www.villaacquaderni.it\/en\/wp-json\/wp\/v2\/users\/6"}],"replies":[{"embeddable":true,"href":"https:\/\/www.villaacquaderni.it\/en\/wp-json\/wp\/v2\/comments?post=1969"}],"version-history":[{"count":4,"href":"https:\/\/www.villaacquaderni.it\/en\/wp-json\/wp\/v2\/posts\/1969\/revisions"}],"predecessor-version":[{"id":1974,"href":"https:\/\/www.villaacquaderni.it\/en\/wp-json\/wp\/v2\/posts\/1969\/revisions\/1974"}],"wp:featuredmedia":[{"embeddable":true,"href":"https:\/\/www.villaacquaderni.it\/en\/wp-json\/wp\/v2\/media\/1975"}],"wp:attachment":[{"href":"https:\/\/www.villaacquaderni.it\/en\/wp-json\/wp\/v2\/media?parent=1969"}],"wp:term":[{"taxonomy":"category","embeddable":true,"href":"https:\/\/www.villaacquaderni.it\/en\/wp-json\/wp\/v2\/categories?post=1969"},{"taxonomy":"post_tag","embeddable":true,"href":"https:\/\/www.villaacquaderni.it\/en\/wp-json\/wp\/v2\/tags?post=1969"}],"curies":[{"name":"wp","href":"https:\/\/api.w.org\/{rel}","templated":true}]}}